{"id":3198,"date":"2026-06-05T16:41:31","date_gmt":"2026-06-05T16:41:31","guid":{"rendered":"https:\/\/x-camping.info\/vonorud-adapter-kerekpartartohoz-igy-hasznalhatod-a-vonohorogra-szerelheto-tartodat-a-lakokocsin-is"},"modified":"2026-06-10T20:40:31","modified_gmt":"2026-06-10T20:40:31","slug":"vonorud-adapter-kerekpartartohoz-igy-hasznalhatod-a-vonohorogra-szerelheto-tartodat-a-lakokocsin-is","status":"publish","type":"post","link":"https:\/\/x-camping.info\/hu\/vonorud-adapter-kerekpartartohoz-igy-hasznalhatod-a-vonohorogra-szerelheto-tartodat-a-lakokocsin-is","title":{"rendered":"Von\u00f3r\u00fad-adapter ker\u00e9kp\u00e1rtart\u00f3hoz: \u00edgy haszn\u00e1lhatod a von\u00f3horogra szerelhet\u0151 tart\u00f3dat a lak\u00f3kocsin is"},"content":{"rendered":"\t\t<div data-elementor-type=\"wp-post\" data-elementor-id=\"3198\" class=\"elementor elementor-3198 elementor-2985\">\n\t\t\t\t<div class=\"elementor-element elementor-element-fce7e7c e-flex e-con-boxed e-con e-parent\" data-id=\"fce7e7c\" data-element_type=\"container\">\n\t\t\t\t\t<div class=\"e-con-inner\">\n\t\t\t\t<div class=\"elementor-element elementor-element-9a4f1b5 elementor-widget elementor-widget-text-editor\" data-id=\"9a4f1b5\" data-element_type=\"widget\" data-widget_type=\"text-editor.default\">\n\t\t\t\t<div class=\"elementor-widget-container\">\n\t\t\t\t\t\t\t\t\t<h2>Mi\u00e9rt lehet hasznos egy von\u00f3r\u00fad-adapter<\/h2><p>Sok <strong>camper a mindennapokban az aut\u00f3ja von\u00f3horg\u00e1ra szerelhet\u0151 ker\u00e9kp\u00e1rtart\u00f3t haszn\u00e1l<\/strong>. Amint azonban <strong>lak\u00f3kocsit kapcsolsz,<\/strong> a von\u00f3horog m\u00e1r foglalt, \u00e9s a ker\u00e9kp\u00e1rtart\u00f3 nem haszn\u00e1lhat\u00f3 tov\u00e1bb. Pont itt j\u00f6n k\u00e9pbe a <strong>von\u00f3r\u00fad-adapter<\/strong>.  <\/p><p>A <strong>von\u00f3r\u00fad-adaptert<\/strong> k\u00f6zvetlen\u00fcl a lak\u00f3kocsi V-von\u00f3r\u00fadj\u00e1ra szerelik, \u00e9s <strong>egy plusz von\u00f3g\u00f6mb\u00f6t biztos\u00edt<\/strong>. \u00cdgy a megl\u00e9v\u0151, von\u00f3horogra szerelhet\u0151 ker\u00e9kp\u00e1rtart\u00f3 tov\u00e1bbra is haszn\u00e1lhat\u00f3, an\u00e9lk\u00fcl hogy k\u00fcl\u00f6n tart\u00f3rendszert kellene venni. Ez k\u00fcl\u00f6n\u00f6sen praktikus azoknak, akiknek m\u00e1r van egy j\u00f3 min\u0151s\u00e9g\u0171 von\u00f3horgos tart\u00f3juk, \u00e9s azt a vontat\u00f3 aut\u00f3n \u00e9s a lak\u00f3kocsin is szeretn\u00e9k haszn\u00e1lni.  <\/p><p>Tov\u00e1bbi el\u0151ny a <strong>k\u00f6lts\u00e9gmegtakar\u00edt\u00e1s<\/strong>. Ahelyett, hogy k\u00fcl\u00f6n von\u00f3r\u00fad-ker\u00e9kp\u00e1rtart\u00f3t venn\u00e9l, tov\u00e1bb haszn\u00e1lhatod a megl\u00e9v\u0151 von\u00f3horgos tart\u00f3t. \u00cdgy rugalmas megold\u00e1st kapsz, \u00e9s k\u00f6zben cs\u00f6kkented a tov\u00e1bbi kieg\u00e9sz\u00edt\u0151k beszerz\u00e9si k\u00f6lts\u00e9g\u00e9t.  <\/p><p>R\u00e1ad\u00e1sul a ker\u00e9kp\u00e1rtart\u00f3 a nyaral\u00e1s helysz\u00edn\u00e9n sz\u00fcks\u00e9g eset\u00e9n gyorsan levehet\u0151 a lak\u00f3kocsir\u00f3l, \u00e9s felszerelhet\u0151 a vontat\u00f3 aut\u00f3ra. Ez a rugalmass\u00e1g k\u00fcl\u00f6n\u00f6sen vonz\u00f3v\u00e1 teszi a von\u00f3r\u00fad-adaptereket azoknak, akik a ker\u00e9kp\u00e1rjukat vagy e-bike-jukat rendszeresen k\u00fcl\u00f6nb\u00f6z\u0151 helyeken szeretn\u00e9k haszn\u00e1lni. <\/p>\t\t\t\t\t\t\t\t<\/div>\n\t\t\t\t<\/div>\n\t\t\t\t\t<\/div>\n\t\t\t\t<\/div>\n\t\t<div class=\"elementor-element elementor-element-c40a20a e-flex e-con-boxed e-con e-parent\" data-id=\"c40a20a\" data-element_type=\"container\">\n\t\t\t\t\t<div class=\"e-con-inner\">\n\t\t\t\t<div class=\"elementor-element elementor-element-fdedc1b elementor-widget elementor-widget-image\" data-id=\"fdedc1b\" data-element_type=\"widget\" data-widget_type=\"image.default\">\n\t\t\t\t<div class=\"elementor-widget-container\">\n\t\t\t\t\t\t\t\t\t\t\t\t<figure class=\"wp-caption\">\n\t\t\t\t\t\t\t\t\t\t<img fetchpriority=\"high\" decoding=\"async\" width=\"756\" height=\"499\" src=\"https:\/\/x-camping.info\/wp-content\/uploads\/2026\/06\/Slajd2.jpg\" class=\"attachment-large size-large wp-image-3202\" alt=\"\" srcset=\"https:\/\/x-camping.info\/wp-content\/uploads\/2026\/06\/Slajd2.jpg 756w, https:\/\/x-camping.info\/wp-content\/uploads\/2026\/06\/Slajd2-300x198.jpg 300w\" sizes=\"(max-width: 756px) 100vw, 756px\" \/>\t\t\t\t\t\t\t\t\t\t\t<figcaption class=\"widget-image-caption wp-caption-text\">Von\u00f3r\u00fad-adapter ker\u00e9kp\u00e1rtart\u00f3hoz: \u00edgy haszn\u00e1lhatod a von\u00f3horogra szerelhet\u0151 tart\u00f3dat a lak\u00f3kocsin is<\/figcaption>\n\t\t\t\t\t\t\t\t\t\t<\/figure>\n\t\t\t\t\t\t\t\t\t<\/div>\n\t\t\t\t<\/div>\n\t\t\t\t<div class=\"elementor-element elementor-element-88a68ed elementor-widget elementor-widget-text-editor\" data-id=\"88a68ed\" data-element_type=\"widget\" data-widget_type=\"text-editor.default\">\n\t\t\t\t<div class=\"elementor-widget-container\">\n\t\t\t\t\t\t\t\t\t<h2>Erre figyelj von\u00f3r\u00fad-adapter v\u00e1laszt\u00e1sakor<\/h2><p><strong>Miel\u0151tt von\u00f3r\u00fad-adaptert v\u00e1s\u00e1rolsz<\/strong>, \u00e9rdemes n\u00e9h\u00e1ny fontos pontot ellen\u0151rizni. A legfontosabb a <strong>lak\u00f3kocsi \u00e9s a vontat\u00f3 j\u00e1rm\u0171 megengedett f\u00fcgg\u0151leges terhel\u00e9se<\/strong>, valamint az adapter maxim\u00e1lis teherb\u00edr\u00e1sa. A ker\u00e9kp\u00e1rtart\u00f3 \u00e9s a ker\u00e9kp\u00e1rok \u00f6sszt\u00f6mege nem l\u00e9pheti t\u00fal az el\u0151\u00edrt \u00e9rt\u00e9keket.  <\/p><p>A <strong>man\u0151verez\u00e9si sz\u00f6g is sz\u00e1m\u00edt<\/strong>. A felszerelt ker\u00e9kp\u00e1rtart\u00f3 meghosszabb\u00edtja a von\u00f3rudat, \u00e9s cs\u00f6kkentheti az aut\u00f3 \u00e9s a lak\u00f3kocsi k\u00f6z\u00f6tti bekorm\u00e1nyz\u00e1si sz\u00f6get. Ez\u00e9rt az els\u0151 \u00fat el\u0151tt \u00e9rdemes kipr\u00f3b\u00e1lni, mekkora a szabad mozg\u00e1st\u00e9r.  <\/p><p>Akinek rendszeresen hozz\u00e1 kell f\u00e9rnie a von\u00f3r\u00fadl\u00e1d\u00e1hoz, annak \u00e9rdemes <strong>lehajthat\u00f3 vagy billenthet\u0151 funkci\u00f3ra figyelnie<\/strong>. \u00cdgy a g\u00e1zpalackok \u00e9s a t\u00e1rol\u00f3hely akkor is el\u00e9rhet\u0151, ha a ker\u00e9kp\u00e1rok fel vannak szerelve. <\/p><p>K\u00fcl\u00f6n\u00f6sen <strong>e-bike-okn\u00e1l \u00e9rdemes alaposan megn\u00e9zni a s\u00falyadatokat<\/strong>. A neh\u00e9z bring\u00e1k gyorsan el\u00e9rhetik az adapter \u00e9s a tart\u00f3 terhel\u00e9si hat\u00e1rait. Ez\u00e9rt minden utaz\u00e1s el\u0151tt ellen\u0151rizd a megengedett terhel\u00e9seket, hogy biztons\u00e1gosan \u00e9s szab\u00e1lyosan k\u00f6zlekedj.  <\/p>\t\t\t\t\t\t\t\t<\/div>\n\t\t\t\t<\/div>\n\t\t\t\t<div class=\"elementor-element elementor-element-475f465 elementor-widget elementor-widget-image\" data-id=\"475f465\" data-element_type=\"widget\" data-widget_type=\"image.default\">\n\t\t\t\t<div class=\"elementor-widget-container\">\n\t\t\t\t\t\t\t\t\t\t\t\t<figure class=\"wp-caption\">\n\t\t\t\t\t\t\t\t\t\t<img decoding=\"async\" width=\"756\" height=\"499\" src=\"https:\/\/x-camping.info\/wp-content\/uploads\/2026\/06\/Slajd5.jpg\" class=\"attachment-large size-large wp-image-3205\" alt=\"\" srcset=\"https:\/\/x-camping.info\/wp-content\/uploads\/2026\/06\/Slajd5.jpg 756w, https:\/\/x-camping.info\/wp-content\/uploads\/2026\/06\/Slajd5-300x198.jpg 300w\" sizes=\"(max-width: 756px) 100vw, 756px\" \/>\t\t\t\t\t\t\t\t\t\t\t<figcaption class=\"widget-image-caption wp-caption-text\">Erre figyelj von\u00f3r\u00fad-adapter v\u00e1laszt\u00e1sakor<\/figcaption>\n\t\t\t\t\t\t\t\t\t\t<\/figure>\n\t\t\t\t\t\t\t\t\t<\/div>\n\t\t\t\t<\/div>\n\t\t\t\t<div class=\"elementor-element elementor-element-a1547be elementor-widget elementor-widget-text-editor\" data-id=\"a1547be\" data-element_type=\"widget\" data-widget_type=\"text-editor.default\">\n\t\t\t\t<div class=\"elementor-widget-container\">\n\t\t\t\t\t\t\t\t\t<h2>Pro Biker: von\u00f3r\u00fad-adapter ker\u00e9kp\u00e1rtart\u00f3hoz a von\u00f3horogra<\/h2><p>A <strong>Pro Biker (<a href=\"mailto:https:\/\/lemet.net\/kontakt\/\">LEMET<\/a>)<\/strong> ide\u00e1lis megold\u00e1s azoknak, akik a <strong>megl\u00e9v\u0151, von\u00f3horogra szerelhet\u0151 ker\u00e9kp\u00e1rtart\u00f3jukat a lak\u00f3kocsin is haszn\u00e1lni<\/strong> szeretn\u00e9k. Az adaptert k\u00f6zvetlen\u00fcl a V-von\u00f3r\u00fadra szerelik, \u00e9s teljes \u00e9rt\u00e9k\u0171 von\u00f3g\u00f6mb\u00f6t biztos\u00edt a von\u00f3horgos tart\u00f3 r\u00f6gz\u00edt\u00e9s\u00e9hez. <\/p><p>A legfeljebb 70 kg hasznos teherb\u00edr\u00e1snak k\u00f6sz\u00f6nhet\u0151en a Pro Biker k\u00e9t\u2013n\u00e9gy ker\u00e9kp\u00e1rhoz val\u00f3 tart\u00f3khoz is alkalmas, \u00edgy a nehezebb e-bike-okhoz is \u00e9rdekes lehet. K\u00fcl\u00f6n\u00f6sen praktikus a lehajthat\u00f3 von\u00f3g\u00f6mb, amely haszn\u00e1laton k\u00edv\u00fcl helytakar\u00e9kosan eltehet\u0151. Emellett az adapter speci\u00e1lis r\u00f6gz\u00edt\u0151furatainak k\u00f6sz\u00f6nhet\u0151en ak\u00e1r fali tart\u00f3k\u00e9nt is haszn\u00e1lhat\u00f3 ker\u00e9kp\u00e1rtart\u00f3khoz a gar\u00e1zsban vagy a pinc\u00e9ben.  <\/p><p>Ha m\u00e1r van egy j\u00f3 min\u0151s\u00e9g\u0171 von\u00f3horgos tart\u00f3d, a Pro Bikerrel megsp\u00f3rolhatod egy k\u00fcl\u00f6n von\u00f3r\u00fadtart\u00f3 megv\u00e1s\u00e1rl\u00e1s\u00e1t, \u00e9s utaz\u00e1s k\u00f6zben maxim\u00e1lis rugalmass\u00e1got kapsz.<\/p><p><div id=\"xc-product-043dd41f-a593-4e71-83cf-99d955fe2b96\" class=\"xc-product-embed\"><iframe src=\"https:\/\/x-camping.eu\/en\/pswp-products?ids=6200661&#038;module=prestawp\" width=\"100%\" height=\"100\" style=\"border:0; width:100%; display:block;\" loading=\"lazy\" title=\"X-Camping Product\" scrolling=\"no\"><\/iframe><\/div><script src=\"https:\/\/x-camping.info\/hu\/wp-content\/plugins\/prestawp\/assets\/js\/iframeResizer.min.js\"><\/script><script>\n(function() {\n    function initXcProductIframe() {\n        var selector = \"#xc-product-043dd41f-a593-4e71-83cf-99d955fe2b96 iframe\";\n        var iframe = document.querySelector(selector);\n\n        if (!iframe) {\n            return;\n        }\n\n        if (typeof iFrameResize === \"function\") {\n            iFrameResize({\n                log: false,\n                checkOrigin: false,\n                heightCalculationMethod: \"bodyScroll\",\n                resizedCallback: function(data) {\n                    if (data && data.iframe) {\n                        data.iframe.style.overflow = \"hidden\";\n                    }\n                }\n            }, selector);\n        }\n    }\n\n    if (document.readyState === \"loading\") {\n        document.addEventListener(\"DOMContentLoaded\", initXcProductIframe);\n    } else {\n        initXcProductIframe();\n    }\n\n    window.addEventListener(\"load\", initXcProductIframe);\n})();\n<\/script><\/p>\t\t\t\t\t\t\t\t<\/div>\n\t\t\t\t<\/div>\n\t\t\t\t\t<\/div>\n\t\t\t\t<\/div>\n\t\t<div class=\"elementor-element elementor-element-9bb2267 e-flex e-con-boxed e-con e-parent\" data-id=\"9bb2267\" data-element_type=\"container\">\n\t\t\t\t\t<div class=\"e-con-inner\">\n\t\t\t\t<div class=\"elementor-element elementor-element-e489a62 elementor-widget elementor-widget-image\" data-id=\"e489a62\" data-element_type=\"widget\" data-widget_type=\"image.default\">\n\t\t\t\t<div class=\"elementor-widget-container\">\n\t\t\t\t\t\t\t\t\t\t\t\t<figure class=\"wp-caption\">\n\t\t\t\t\t\t\t\t\t\t<img decoding=\"async\" width=\"756\" height=\"499\" src=\"https:\/\/x-camping.info\/wp-content\/uploads\/2026\/06\/Slajd3.jpg\" class=\"attachment-large size-large wp-image-3203\" alt=\"\" srcset=\"https:\/\/x-camping.info\/wp-content\/uploads\/2026\/06\/Slajd3.jpg 756w, https:\/\/x-camping.info\/wp-content\/uploads\/2026\/06\/Slajd3-300x198.jpg 300w\" sizes=\"(max-width: 756px) 100vw, 756px\" \/>\t\t\t\t\t\t\t\t\t\t\t<figcaption class=\"widget-image-caption wp-caption-text\">Pro Biker: von\u00f3r\u00fad-adapter ker\u00e9kp\u00e1rtart\u00f3hoz a von\u00f3horogra<\/figcaption>\n\t\t\t\t\t\t\t\t\t\t<\/figure>\n\t\t\t\t\t\t\t\t\t<\/div>\n\t\t\t\t<\/div>\n\t\t\t\t<div class=\"elementor-element elementor-element-ee561e2 elementor-widget elementor-widget-text-editor\" data-id=\"ee561e2\" data-element_type=\"widget\" data-widget_type=\"text-editor.default\">\n\t\t\t\t<div class=\"elementor-widget-container\">\n\t\t\t\t\t\t\t\t\t<p> <\/p><h2>Alternat\u00edv\u00e1k: speci\u00e1lis von\u00f3r\u00fad-ker\u00e9kp\u00e1rtart\u00f3k lak\u00f3kocsikhoz<\/h2><p>A von\u00f3r\u00fad-adapterek mellett l\u00e9teznek speci\u00e1lis von\u00f3r\u00fad-ker\u00e9kp\u00e1rtart\u00f3k is, amelyeket kifejezetten lak\u00f3kocsi-von\u00f3rudakra val\u00f3 felszerel\u00e9shez fejlesztettek. K\u00e9nyelmes \u00e9s biztons\u00e1gos m\u00f3dot k\u00edn\u00e1lnak ker\u00e9kp\u00e1rok vagy e-bike-ok magaddal vitel\u00e9re a kempingez\u00e9s sor\u00e1n. <\/p><h3>CAMP-Tour<\/h3><p>A CAMP-Tour egy modul\u00e1ris von\u00f3r\u00fad-ker\u00e9kp\u00e1rtart\u00f3, amely ig\u00e9ny szerint egy, k\u00e9t vagy ak\u00e1r h\u00e1rom ker\u00e9kp\u00e1rra is b\u0151v\u00edthet\u0151. A lehajthat\u00f3 karoknak \u00e9s a be\u00e9p\u00edtett lop\u00e1sg\u00e1tl\u00f3nak k\u00f6sz\u00f6nhet\u0151en k\u00fcl\u00f6n\u00f6sen azoknak ide\u00e1lis, akiknek fontos a rugalmass\u00e1g \u00e9s a j\u00f3 \u00e1r-\u00e9rt\u00e9k ar\u00e1ny. <\/p><p><div id=\"xc-product-88ee0d5a-e2b8-4c98-b324-984d3ab81199\" class=\"xc-product-embed\"><iframe src=\"https:\/\/x-camping.eu\/en\/pswp-products?ids=6200548&#038;module=prestawp\" width=\"100%\" height=\"100\" style=\"border:0; width:100%; display:block;\" loading=\"lazy\" title=\"X-Camping Product\" scrolling=\"no\"><\/iframe><\/div><script src=\"https:\/\/x-camping.info\/hu\/wp-content\/plugins\/prestawp\/assets\/js\/iframeResizer.min.js\"><\/script><script>\n(function() {\n    function initXcProductIframe() {\n        var selector = \"#xc-product-88ee0d5a-e2b8-4c98-b324-984d3ab81199 iframe\";\n        var iframe = document.querySelector(selector);\n\n        if (!iframe) {\n            return;\n        }\n\n        if (typeof iFrameResize === \"function\") {\n            iFrameResize({\n                log: false,\n                checkOrigin: false,\n                heightCalculationMethod: \"bodyScroll\",\n                resizedCallback: function(data) {\n                    if (data && data.iframe) {\n                        data.iframe.style.overflow = \"hidden\";\n                    }\n                }\n            }, selector);\n        }\n    }\n\n    if (document.readyState === \"loading\") {\n        document.addEventListener(\"DOMContentLoaded\", initXcProductIframe);\n    } else {\n        initXcProductIframe();\n    }\n\n    window.addEventListener(\"load\", initXcProductIframe);\n})();\n<\/script><\/p><h3>MENABO Touren A<\/h3><p>A MENABO Touren A a kedvez\u0151 \u00e1r\u00fa alapv\u00e1ltozat, legfeljebb k\u00e9t ker\u00e9kp\u00e1r sz\u00e1ll\u00edt\u00e1s\u00e1hoz. 50 kg teherb\u00edr\u00e1s\u00e1val e-bike-okhoz is alkalmas, \u00e9s az egyszer\u0171, szersz\u00e1m n\u00e9lk\u00fcli felszerel\u00e9s\u00e9vel gy\u0151z meg szinte minden V-von\u00f3r\u00fadon. <\/p><p><div id=\"xc-product-03d2a7e6-cbd4-4c19-905f-12fc01d75a79\" class=\"xc-product-embed\"><iframe src=\"https:\/\/x-camping.eu\/en\/pswp-products?ids=6200664&#038;module=prestawp\" width=\"100%\" height=\"100\" style=\"border:0; width:100%; display:block;\" loading=\"lazy\" title=\"X-Camping Product\" scrolling=\"no\"><\/iframe><\/div><script src=\"https:\/\/x-camping.info\/hu\/wp-content\/plugins\/prestawp\/assets\/js\/iframeResizer.min.js\"><\/script><script>\n(function() {\n    function initXcProductIframe() {\n        var selector = \"#xc-product-03d2a7e6-cbd4-4c19-905f-12fc01d75a79 iframe\";\n        var iframe = document.querySelector(selector);\n\n        if (!iframe) {\n            return;\n        }\n\n        if (typeof iFrameResize === \"function\") {\n            iFrameResize({\n                log: false,\n                checkOrigin: false,\n                heightCalculationMethod: \"bodyScroll\",\n                resizedCallback: function(data) {\n                    if (data && data.iframe) {\n                        data.iframe.style.overflow = \"hidden\";\n                    }\n                }\n            }, selector);\n        }\n    }\n\n    if (document.readyState === \"loading\") {\n        document.addEventListener(\"DOMContentLoaded\", initXcProductIframe);\n    } else {\n        initXcProductIframe();\n    }\n\n    window.addEventListener(\"load\", initXcProductIframe);\n})();\n<\/script><\/p><h3>MENABO Touren B<\/h3><p>Ha t\u00f6bb k\u00e9nyelmet szeretn\u00e9l, a MENABO Touren B \u00e9rdekes alternat\u00edva. A be\u00e9p\u00edtett billent\u0151 funkci\u00f3 jobb hozz\u00e1f\u00e9r\u00e9st biztos\u00edt a von\u00f3r\u00fadl\u00e1d\u00e1hoz an\u00e9lk\u00fcl, hogy a ker\u00e9kp\u00e1rtart\u00f3t teljesen le kellene szerelni. Ez a modell is k\u00e9t ker\u00e9kp\u00e1rra \u00e9s legfeljebb 50 kg \u00f6sszt\u00f6megre van m\u00e9retezve.  <\/p><p><div id=\"xc-product-c922caa3-1d0d-4114-bb1d-7f99f5dd74fb\" class=\"xc-product-embed\"><iframe src=\"https:\/\/x-camping.eu\/en\/pswp-products?ids=6200665&#038;module=prestawp\" width=\"100%\" height=\"100\" style=\"border:0; width:100%; display:block;\" loading=\"lazy\" title=\"X-Camping Product\" scrolling=\"no\"><\/iframe><\/div><script src=\"https:\/\/x-camping.info\/hu\/wp-content\/plugins\/prestawp\/assets\/js\/iframeResizer.min.js\"><\/script><script>\n(function() {\n    function initXcProductIframe() {\n        var selector = \"#xc-product-c922caa3-1d0d-4114-bb1d-7f99f5dd74fb iframe\";\n        var iframe = document.querySelector(selector);\n\n        if (!iframe) {\n            return;\n        }\n\n        if (typeof iFrameResize === \"function\") {\n            iFrameResize({\n                log: false,\n                checkOrigin: false,\n                heightCalculationMethod: \"bodyScroll\",\n                resizedCallback: function(data) {\n                    if (data && data.iframe) {\n                        data.iframe.style.overflow = \"hidden\";\n                    }\n                }\n            }, selector);\n        }\n    }\n\n    if (document.readyState === \"loading\") {\n        document.addEventListener(\"DOMContentLoaded\", initXcProductIframe);\n    } else {\n        initXcProductIframe();\n    }\n\n    window.addEventListener(\"load\", initXcProductIframe);\n})();\n<\/script><\/p><h3>Velotrax<\/h3><p>A Velotrax k\u00fcl\u00f6n\u00f6sen k\u00f6nny\u0171 von\u00f3r\u00fad-ker\u00e9kp\u00e1rtart\u00f3, mind\u00f6ssze 5,2 kg saj\u00e1t t\u00f6meggel. K\u00f6nny\u0171 alum\u00ednium szerkezete ellen\u00e9re k\u00e9t ker\u00e9kp\u00e1rnak ad helyet, \u00e9s maxim\u00e1lis teherb\u00edr\u00e1sa 40 kg. \u00cdgy ide\u00e1lis azoknak, akik a lehet\u0151 legkisebb plusz s\u00falyra figyelnek.  <\/p><p><div id=\"xc-product-308112fa-9a7b-402a-93d2-367d97568f05\" class=\"xc-product-embed\"><iframe src=\"https:\/\/x-camping.eu\/en\/pswp-products?ids=6200683&#038;module=prestawp\" width=\"100%\" height=\"100\" style=\"border:0; width:100%; display:block;\" loading=\"lazy\" title=\"X-Camping Product\" scrolling=\"no\"><\/iframe><\/div><script src=\"https:\/\/x-camping.info\/hu\/wp-content\/plugins\/prestawp\/assets\/js\/iframeResizer.min.js\"><\/script><script>\n(function() {\n    function initXcProductIframe() {\n        var selector = \"#xc-product-308112fa-9a7b-402a-93d2-367d97568f05 iframe\";\n        var iframe = document.querySelector(selector);\n\n        if (!iframe) {\n            return;\n        }\n\n        if (typeof iFrameResize === \"function\") {\n            iFrameResize({\n                log: false,\n                checkOrigin: false,\n                heightCalculationMethod: \"bodyScroll\",\n                resizedCallback: function(data) {\n                    if (data && data.iframe) {\n                        data.iframe.style.overflow = \"hidden\";\n                    }\n                }\n            }, selector);\n        }\n    }\n\n    if (document.readyState === \"loading\") {\n        document.addEventListener(\"DOMContentLoaded\", initXcProductIframe);\n    } else {\n        initXcProductIframe();\n    }\n\n    window.addEventListener(\"load\", initXcProductIframe);\n})();\n<\/script><\/p><h3>Velotrax Pro<\/h3><p>A Velotrax Pro az ig\u00e9nyesebb felhaszn\u00e1l\u00f3knak sz\u00f3l, akiknek fontos a k\u00e9nyelem \u00e9s a biztons\u00e1g. A pr\u00e9mium modell praktikus billent\u0151 funkci\u00f3val, be\u00e9p\u00edtett z\u00e1rhat\u00f3 r\u00f6gz\u00edt\u00e9sekkel \u00e9s ak\u00e1r 50 kg teherb\u00edr\u00e1ssal rendelkezik. \u00cdgy nehezebb e-bike-ok sz\u00e1ll\u00edt\u00e1s\u00e1ra is kiv\u00e1l\u00f3an alkalmas.  <\/p><p><div id=\"xc-product-ae8faead-3129-447c-9250-112268c646c8\" class=\"xc-product-embed\"><iframe src=\"https:\/\/x-camping.eu\/en\/pswp-products?ids=6200684&#038;module=prestawp\" width=\"100%\" height=\"100\" style=\"border:0; width:100%; display:block;\" loading=\"lazy\" title=\"X-Camping Product\" scrolling=\"no\"><\/iframe><\/div><script src=\"https:\/\/x-camping.info\/hu\/wp-content\/plugins\/prestawp\/assets\/js\/iframeResizer.min.js\"><\/script><script>\n(function() {\n    function initXcProductIframe() {\n        var selector = \"#xc-product-ae8faead-3129-447c-9250-112268c646c8 iframe\";\n        var iframe = document.querySelector(selector);\n\n        if (!iframe) {\n            return;\n        }\n\n        if (typeof iFrameResize === \"function\") {\n            iFrameResize({\n                log: false,\n                checkOrigin: false,\n                heightCalculationMethod: \"bodyScroll\",\n                resizedCallback: function(data) {\n                    if (data && data.iframe) {\n                        data.iframe.style.overflow = \"hidden\";\n                    }\n                }\n            }, selector);\n        }\n    }\n\n    if (document.readyState === \"loading\") {\n        document.addEventListener(\"DOMContentLoaded\", initXcProductIframe);\n    } else {\n        initXcProductIframe();\n    }\n\n    window.addEventListener(\"load\", initXcProductIframe);\n})();\n<\/script><\/p>\t\t\t\t\t\t\t\t<\/div>\n\t\t\t\t<\/div>\n\t\t\t\t<div class=\"elementor-element elementor-element-e576ee5 elementor-widget elementor-widget-text-editor\" data-id=\"e576ee5\" data-element_type=\"widget\" data-widget_type=\"text-editor.default\">\n\t\t\t\t<div class=\"elementor-widget-container\">\n\t\t\t\t\t\t\t\t\t<h2>Von\u00f3r\u00fad-adapter vagy von\u00f3r\u00fadtart\u00f3 \u2013 melyik a jobb v\u00e1laszt\u00e1s?<\/h2><p>Hogy a von\u00f3r\u00fad-adapter vagy a speci\u00e1lis von\u00f3r\u00fadtart\u00f3 a jobb megold\u00e1s, els\u0151sorban az ig\u00e9nyeidt\u0151l f\u00fcgg. Ha m\u00e1r van egy j\u00f3 min\u0151s\u00e9g\u0171, von\u00f3horogra szerelhet\u0151 ker\u00e9kp\u00e1rtart\u00f3d, egy von\u00f3r\u00fad-adapterrel k\u00f6lts\u00e9get sp\u00f3rolhatsz, \u00e9s rugalmasan haszn\u00e1lhatod a megl\u00e9v\u0151 tart\u00f3t a lak\u00f3kocsin \u00e9s a vontat\u00f3 aut\u00f3n is. <\/p><p>A speci\u00e1lis von\u00f3r\u00fadtart\u00f3kat ezzel szemben eleve a lak\u00f3kocsi von\u00f3r\u00fadj\u00e1ra val\u00f3 felszerel\u00e9sre tervezik. Sok modell praktikus funkci\u00f3kat k\u00edn\u00e1l, p\u00e9ld\u00e1ul jobb hozz\u00e1f\u00e9r\u00e9st a von\u00f3r\u00fadl\u00e1d\u00e1hoz, kisebb saj\u00e1t t\u00f6meget vagy be\u00e9p\u00edtett lop\u00e1sg\u00e1tl\u00f3t. Emellett gyakran kompaktabbak, \u00e9s man\u0151verez\u00e9skor el\u0151nyt jelenthetnek.  <\/p><p>Alkalmi kempingez\u0151knek, akiknek m\u00e1r van von\u00f3horgos tart\u00f3juk, a von\u00f3r\u00fad-adapter gyakran a leggazdas\u00e1gosabb megold\u00e1s. Aki viszont rendszeresen utazik ker\u00e9kp\u00e1rral vagy e-bike-kal, \u00e9s a maxim\u00e1lis k\u00e9nyelmet keresi, \u00e1ltal\u00e1ban jobban j\u00e1r egy kifejezetten erre fejlesztett von\u00f3r\u00fadtart\u00f3val. <\/p><p>V\u00e9gs\u0151 soron mindk\u00e9t rendszer biztons\u00e1gos m\u00f3dja a ker\u00e9kp\u00e1rok lak\u00f3kocsin t\u00f6rt\u00e9n\u0151 sz\u00e1ll\u00edt\u00e1s\u00e1nak \u2013 a d\u00f6nt\u0151 szempontok az egy\u00e9ni ig\u00e9nyek, a ker\u00e9kp\u00e1rok s\u00falya \u00e9s a rendelkez\u00e9sre \u00e1ll\u00f3 k\u00f6lts\u00e9gkeret.<\/p>\t\t\t\t\t\t\t\t<\/div>\n\t\t\t\t<\/div>\n\t\t\t\t<div class=\"elementor-element elementor-element-d442912 elementor-widget elementor-widget-image\" data-id=\"d442912\" data-element_type=\"widget\" data-widget_type=\"image.default\">\n\t\t\t\t<div class=\"elementor-widget-container\">\n\t\t\t\t\t\t\t\t\t\t\t\t<figure class=\"wp-caption\">\n\t\t\t\t\t\t\t\t\t\t<img loading=\"lazy\" decoding=\"async\" width=\"756\" height=\"499\" src=\"https:\/\/x-camping.info\/wp-content\/uploads\/2026\/06\/Slajd4.jpg\" class=\"attachment-large size-large wp-image-3204\" alt=\"\" srcset=\"https:\/\/x-camping.info\/wp-content\/uploads\/2026\/06\/Slajd4.jpg 756w, https:\/\/x-camping.info\/wp-content\/uploads\/2026\/06\/Slajd4-300x198.jpg 300w\" sizes=\"(max-width: 756px) 100vw, 756px\" \/>\t\t\t\t\t\t\t\t\t\t\t<figcaption class=\"widget-image-caption wp-caption-text\">Von\u00f3r\u00fad-adapter vagy von\u00f3r\u00fadtart\u00f3 \u2013 melyik a jobb v\u00e1laszt\u00e1s?<\/figcaption>\n\t\t\t\t\t\t\t\t\t\t<\/figure>\n\t\t\t\t\t\t\t\t\t<\/div>\n\t\t\t\t<\/div>\n\t\t\t\t<div class=\"elementor-element elementor-element-fdc3c0b elementor-widget elementor-widget-text-editor\" data-id=\"fdc3c0b\" data-element_type=\"widget\" data-widget_type=\"text-editor.default\">\n\t\t\t\t<div class=\"elementor-widget-container\">\n\t\t\t\t\t\t\t\t\t<h2>Gyakori k\u00e9rd\u00e9sek von\u00f3r\u00fad-adapterekr\u0151l \u00e9s von\u00f3r\u00fadtart\u00f3kr\u00f3l<\/h2><h3>Alkalmas a von\u00f3r\u00fad-adapter e-bike-okhoz?<\/h3><p>Igen, sok von\u00f3r\u00fad-adapter alapvet\u0151en alkalmas e-bike-ok sz\u00e1ll\u00edt\u00e1s\u00e1ra. Fontos azonban, hogy az adapter \u00e9s a ker\u00e9kp\u00e1rtart\u00f3 maxim\u00e1lis teherb\u00edr\u00e1sa, valamint a lak\u00f3kocsi \u00e9s a vontat\u00f3 j\u00e1rm\u0171 megengedett f\u00fcgg\u0151leges terhel\u00e9se el\u00e9g magas legyen. Az e-bike-ok nagyobb t\u00f6mege miatt v\u00e1s\u00e1rl\u00e1s el\u0151tt alaposan ellen\u0151rizd a m\u0171szaki adatokat.  <\/p><h3>H\u00e1ny ker\u00e9kp\u00e1rt sz\u00e1ll\u00edthatok?<\/h3><p>A sz\u00e1ll\u00edthat\u00f3 ker\u00e9kp\u00e1rok sz\u00e1ma az adott rendszert\u0151l f\u00fcgg. M\u00edg egyes von\u00f3r\u00fadtart\u00f3k k\u00e9t ker\u00e9kp\u00e1rra vannak tervezve, bizonyos von\u00f3r\u00fad-adapterek egy megfelel\u0151 von\u00f3horgos tart\u00f3val kombin\u00e1lva ak\u00e1r h\u00e1rom vagy n\u00e9gy ker\u00e9kp\u00e1rt is elb\u00edrnak. Mindig a megengedett teherb\u00edr\u00e1s \u00e9s a rendelkez\u00e9sre \u00e1ll\u00f3 von\u00f3r\u00fadhossz a m\u00e9rvad\u00f3.  <\/p><h3>Figyelnem kell a f\u00fcgg\u0151leges terhel\u00e9sre?<\/h3><p>Igen, a f\u00fcgg\u0151leges terhel\u00e9s kulcsfontoss\u00e1g\u00fa biztons\u00e1gi t\u00e9nyez\u0151. A von\u00f3r\u00fad-adapter, a ker\u00e9kp\u00e1rtart\u00f3 \u00e9s a ker\u00e9kp\u00e1rok s\u00falya n\u00f6veli a von\u00f3horogra jut\u00f3 terhel\u00e9st. A j\u00e1rm\u0171- \u00e9s lak\u00f3kocsi-gy\u00e1rt\u00f3 \u00e1ltal megadott hat\u00e1r\u00e9rt\u00e9keket semmik\u00e9pp sem szabad t\u00fall\u00e9pni.  <\/p><h3>Minden lak\u00f3kocsira passzol a von\u00f3r\u00fad-adapter?<\/h3><p>Nem minden von\u00f3r\u00fad-adapter kompatibilis minden lak\u00f3kocsi-von\u00f3r\u00faddal. A legt\u00f6bb modell V-alak\u00fa von\u00f3rudakhoz k\u00e9sz\u00fclt, de a m\u00e9retek \u00e9s a r\u00f6gz\u00edt\u00e9si rendszerek elt\u00e9rhetnek. V\u00e1s\u00e1rl\u00e1s el\u0151tt ez\u00e9rt ellen\u0151rizd a gy\u00e1rt\u00f3i adatokat.  <\/p><h3>Mi a jobb: von\u00f3r\u00fad-adapter vagy von\u00f3r\u00fadtart\u00f3?<\/h3><p>A von\u00f3r\u00fad-adapter k\u00fcl\u00f6n\u00f6sen azoknak j\u00f3, akiknek m\u00e1r van von\u00f3horogra szerelhet\u0151 ker\u00e9kp\u00e1rtart\u00f3juk, \u00e9s azt tov\u00e1bb szeretn\u00e9k haszn\u00e1lni. A speci\u00e1lis von\u00f3r\u00fadtart\u00f3k viszont gyakran t\u00f6bb k\u00e9nyelmet adnak, p\u00e9ld\u00e1ul billent\u0151 funkci\u00f3val vagy jobb hozz\u00e1f\u00e9r\u00e9ssel a von\u00f3r\u00fadl\u00e1d\u00e1hoz. Hogy melyik a jobb megold\u00e1s, az az egy\u00e9ni ig\u00e9nyekt\u0151l \u00e9s a megl\u00e9v\u0151 felszerel\u00e9st\u0151l f\u00fcgg.  <\/p><h3>Tov\u00e1bbi k\u00e9rd\u00e9sed van?<\/h3><p>Ha bizonytalan vagy, melyik von\u00f3r\u00fad-adapter vagy von\u00f3r\u00fad-ker\u00e9kp\u00e1rtart\u00f3 megfelel\u0151 a lak\u00f3kocsidhoz, az <a href=\"mailto:https:\/\/x-camping.eu\/de\/kontakt\" target=\"_blank\" rel=\"noopener\">X-CAMPING \u00fcgyf\u00e9lszolg\u00e1lata<\/a> sz\u00edvesen seg\u00edt. A csapat t\u00e1mogat a kompatibilit\u00e1ssal, teherb\u00edr\u00e1ssal, szerel\u00e9ssel \u00e9s term\u00e9kv\u00e1laszt\u00e1ssal kapcsolatos k\u00e9rd\u00e9sekben, hogy megtal\u00e1ld a sz\u00e1modra ide\u00e1lis megold\u00e1st a kempingez\u00e9shez. <\/p>\t\t\t\t\t\t\t\t<\/div>\n\t\t\t\t<\/div>\n\t\t\t\t\t<\/div>\n\t\t\t\t<\/div>\n\t\t\t\t<\/div>\n\t\t","protected":false},"excerpt":{"rendered":"<p>Mi\u00e9rt lehet hasznos egy von\u00f3r\u00fad-adapter Sok camper a mindennapokban az aut\u00f3ja von\u00f3horg\u00e1ra szerelhet\u0151 ker\u00e9kp\u00e1rtart\u00f3t haszn\u00e1l. Amint azonban lak\u00f3kocsit kapcsolsz, a von\u00f3horog m\u00e1r foglalt, \u00e9s a ker\u00e9kp\u00e1rtart\u00f3 nem haszn\u00e1lhat\u00f3 tov\u00e1bb. Pont itt j\u00f6n k\u00e9pbe a von\u00f3r\u00fad-adapter. A von\u00f3r\u00fad-adaptert k\u00f6zvetlen\u00fcl a lak\u00f3kocsi V-von\u00f3r\u00fadj\u00e1ra szerelik, \u00e9s egy plusz von\u00f3g\u00f6mb\u00f6t biztos\u00edt. \u00cdgy a megl\u00e9v\u0151, von\u00f3horogra szerelhet\u0151 ker\u00e9kp\u00e1rtart\u00f3 tov\u00e1bbra is &#8230; <a title=\"Von\u00f3r\u00fad-adapter ker\u00e9kp\u00e1rtart\u00f3hoz: \u00edgy haszn\u00e1lhatod a von\u00f3horogra szerelhet\u0151 tart\u00f3dat a lak\u00f3kocsin is\" class=\"read-more\" href=\"https:\/\/x-camping.info\/hu\/vonorud-adapter-kerekpartartohoz-igy-hasznalhatod-a-vonohorogra-szerelheto-tartodat-a-lakokocsin-is\" aria-label=\"Read more about Von\u00f3r\u00fad-adapter ker\u00e9kp\u00e1rtart\u00f3hoz: \u00edgy haszn\u00e1lhatod a von\u00f3horogra szerelhet\u0151 tart\u00f3dat a lak\u00f3kocsin is\">Olvass tov\u00e1bb<\/a><\/p>\n","protected":false},"author":1,"featured_media":3201,"comment_status":"open","ping_status":"open","sticky":false,"template":"","format":"standard","meta":{"_themeisle_gutenberg_block_has_review":false,"footnotes":""},"categories":[1010],"tags":[],"class_list":["post-3198","post","type-post","status-publish","format-standard","has-post-thumbnail","hentry","category-blog"],"aioseo_notices":[],"_links":{"self":[{"href":"https:\/\/x-camping.info\/hu\/wp-json\/wp\/v2\/posts\/3198","targetHints":{"allow":["GET"]}}],"collection":[{"href":"https:\/\/x-camping.info\/hu\/wp-json\/wp\/v2\/posts"}],"about":[{"href":"https:\/\/x-camping.info\/hu\/wp-json\/wp\/v2\/types\/post"}],"author":[{"embeddable":true,"href":"https:\/\/x-camping.info\/hu\/wp-json\/wp\/v2\/users\/1"}],"replies":[{"embeddable":true,"href":"https:\/\/x-camping.info\/hu\/wp-json\/wp\/v2\/comments?post=3198"}],"version-history":[{"count":1,"href":"https:\/\/x-camping.info\/hu\/wp-json\/wp\/v2\/posts\/3198\/revisions"}],"predecessor-version":[{"id":3206,"href":"https:\/\/x-camping.info\/hu\/wp-json\/wp\/v2\/posts\/3198\/revisions\/3206"}],"wp:featuredmedia":[{"embeddable":true,"href":"https:\/\/x-camping.info\/hu\/wp-json\/wp\/v2\/media\/3201"}],"wp:attachment":[{"href":"https:\/\/x-camping.info\/hu\/wp-json\/wp\/v2\/media?parent=3198"}],"wp:term":[{"taxonomy":"category","embeddable":true,"href":"https:\/\/x-camping.info\/hu\/wp-json\/wp\/v2\/categories?post=3198"},{"taxonomy":"post_tag","embeddable":true,"href":"https:\/\/x-camping.info\/hu\/wp-json\/wp\/v2\/tags?post=3198"}],"curies":[{"name":"wp","href":"https:\/\/api.w.org\/{rel}","templated":true}]}}